{"id":74973,"date":"2024-01-18T15:31:36","date_gmt":"2024-01-18T07:31:36","guid":{"rendered":"https:\/\/version-2.com\/?p=74973"},"modified":"2024-01-15T15:34:21","modified_gmt":"2024-01-15T07:34:21","slug":"richard-steficek-is-the-new-chief-sales-officer-of-greycortex","status":"publish","type":"post","link":"https:\/\/version-2.com\/en\/2024\/01\/richard-steficek-is-the-new-chief-sales-officer-of-greycortex\/","title":{"rendered":"Richard \u0160tef\u00ed\u010dek Is the New Chief Sales Officer of GREYCORTEX"},"content":{"rendered":"\t\t<div data-elementor-type=\"wp-post\" data-elementor-id=\"74973\" class=\"elementor elementor-74973\">\n\t\t\t\t\t\t<section class=\"elementor-section elementor-top-section elementor-element elementor-element-534888b post-content elementor-section-boxed elementor-section-height-default elementor-section-height-default\" data-id=\"534888b\" data-element_type=\"section\" data-e-type=\"section\" data-settings=\"{&quot;jet_parallax_layout_list&quot;:[{&quot;jet_parallax_layout_image&quot;:{&quot;url&quot;:&quot;&quot;,&quot;id&quot;:&quot;&quot;,&quot;size&quot;:&quot;&quot;},&quot;_id&quot;:&quot;80510b6&quot;,&quot;jet_parallax_layout_image_tablet&quot;:{&quot;url&quot;:&quot;&quot;,&quot;id&quot;:&quot;&quot;,&quot;size&quot;:&quot;&quot;},&quot;jet_parallax_layout_image_mobile&quot;:{&quot;url&quot;:&quot;&quot;,&quot;id&quot;:&quot;&quot;,&quot;size&quot;:&quot;&quot;},&quot;jet_parallax_layout_speed&quot;:{&quot;unit&quot;:&quot;%&quot;,&quot;size&quot;:50,&quot;sizes&quot;:[]},&quot;jet_parallax_layout_type&quot;:&quot;scroll&quot;,&quot;jet_parallax_layout_direction&quot;:&quot;1&quot;,&quot;jet_parallax_layout_fx_direction&quot;:null,&quot;jet_parallax_layout_z_index&quot;:&quot;&quot;,&quot;jet_parallax_layout_bg_x&quot;:50,&quot;jet_parallax_layout_bg_x_tablet&quot;:&quot;&quot;,&quot;jet_parallax_layout_bg_x_mobile&quot;:&quot;&quot;,&quot;jet_parallax_layout_bg_y&quot;:50,&quot;jet_parallax_layout_bg_y_tablet&quot;:&quot;&quot;,&quot;jet_parallax_layout_bg_y_mobile&quot;:&quot;&quot;,&quot;jet_parallax_layout_bg_size&quot;:&quot;auto&quot;,&quot;jet_parallax_layout_bg_size_tablet&quot;:&quot;&quot;,&quot;jet_parallax_layout_bg_size_mobile&quot;:&quot;&quot;,&quot;jet_parallax_layout_animation_prop&quot;:&quot;transform&quot;,&quot;jet_parallax_layout_on&quot;:[&quot;desktop&quot;,&quot;tablet&quot;]}]}\">\n\t\t\t\t\t\t<div class=\"elementor-container elementor-column-gap-default\">\n\t\t\t\t\t<div class=\"elementor-column elementor-col-100 elementor-top-column elementor-element elementor-element-40115d5\" data-id=\"40115d5\" data-element_type=\"column\" data-e-type=\"column\">\n\t\t\t<div class=\"elementor-widget-wrap elementor-element-populated\">\n\t\t\t\t\t\t<div class=\"elementor-element elementor-element-ca14f89 elementor-widget elementor-widget-text-editor\" data-id=\"ca14f89\" data-element_type=\"widget\" data-e-type=\"widget\" data-widget_type=\"text-editor.default\">\n\t\t\t\t<div class=\"elementor-widget-container\">\n\t\t\t\t\t\t\t\t\t<div class=\"clearfix text-formatted field field--name-body field--type-text-with-summary field--label-hidden field__item\"><p class=\"anotation\">January 10, 2024, Brno \u2013 <span class=\"caps\">GREYCORTEX<\/span>, a\u00a0leading Czech manufacturer of a\u00a0cybersecurity network detection and response solution, strengthens its sales team. The new chief sales officer, Richard \u0160tef\u00ed\u010dek, replaces Pavel Mal\u00ed\u0159 Chmela\u0159, who will continue to focus on the development of new markets.<\/p><p>Richard \u0160tef\u00ed\u010dek (<a href=\"https:\/\/www.linkedin.com\/in\/richard-steficek-34799a8\/\" target=\"_blank\" rel=\"noopener\">LinkedIn<\/a>) started his career after graduating from Brno University of Technology as a\u00a0sales manager at <span class=\"caps\">TR<\/span> instruments. Subsequently, he gained business experience during more than 10\u00a0years at Flowmon Networks, where he worked his way up to the position of channel manager for Central and Eastern Europe.<\/p><p>\u0160tef\u00ed\u010dek adds: <em>\u200b<span class=\"pull-double\">\u201c<\/span>I am thrilled to contribute to the further growth and development of <span class=\"caps\">GREYCORTEX<\/span> as sales director. I\u00a0believe that my experience and knowledge will bring new opportunities and help us to take <span class=\"caps\">GREYCORTEX<\/span> even further. My main priority will always be the satisfaction of our customers and building strong partnerships.\u201d<\/em><\/p><p>The previous <span class=\"caps\">CSO<\/span>, Pavel Mal\u00ed\u0159 Chmela\u0159 (<a href=\"https:\/\/www.linkedin.com\/in\/pmchmelar\/\" target=\"_blank\" rel=\"noopener\">LinkedIn<\/a>), who has been with the company since its founding in 2016, will use his extensive product knowledge and experience in building the Czech and Polish channels to develop new markets and enable the company\u2019s partner channel.<\/p><p><em><span class=\"dquo\">\u201c<\/span>With the arrival of Richard \u0160tef\u00ed\u010dek in the role of <span class=\"caps\">CSO<\/span>, <span class=\"caps\">GREYCORTEX<\/span> is clearly demonstrating its intention to grow and strengthen its position on the market. Together with all our colleagues, we look forward to the next era of business growth under his leadership,\u201d<\/em> concludes Petr Chaloupka, <span class=\"caps\">CEO<\/span> of <span class=\"caps\">GREYCORTEX<\/span>.<\/p><article class=\"align-center media media--type-image media--view-mode-full\"><\/article><\/div>\t\t\t\t\t\t\t\t<\/div>\n\t\t\t\t<\/div>\n\t\t\t\t<div class=\"elementor-element elementor-element-ead54a5 elementor-widget elementor-widget-shortcode\" data-id=\"ead54a5\" data-element_type=\"widget\" data-e-type=\"widget\" data-widget_type=\"shortcode.default\">\n\t\t\t\t<div class=\"elementor-widget-container\">\n\t\t\t\t\t\t\t<div class=\"elementor-shortcode\">\t\t<div data-elementor-type=\"page\" data-elementor-id=\"18103\" class=\"elementor elementor-18103\">\n\t\t\t\t\t\t<section class=\"elementor-section elementor-top-section elementor-element elementor-element-748947f elementor-section-full_width elementor-section-height-default elementor-section-height-default\" data-id=\"748947f\" data-element_type=\"section\" data-e-type=\"section\" data-settings=\"{&quot;jet_parallax_layout_list&quot;:[{&quot;jet_parallax_layout_image&quot;:{&quot;url&quot;:&quot;&quot;,&quot;id&quot;:&quot;&quot;,&quot;size&quot;:&quot;&quot;},&quot;_id&quot;:&quot;c4f773e&quot;,&quot;jet_parallax_layout_image_tablet&quot;:{&quot;url&quot;:&quot;&quot;,&quot;id&quot;:&quot;&quot;,&quot;size&quot;:&quot;&quot;},&quot;jet_parallax_layout_image_mobile&quot;:{&quot;url&quot;:&quot;&quot;,&quot;id&quot;:&quot;&quot;,&quot;size&quot;:&quot;&quot;},&quot;jet_parallax_layout_speed&quot;:{&quot;unit&quot;:&quot;%&quot;,&quot;size&quot;:50,&quot;sizes&quot;:[]},&quot;jet_parallax_layout_type&quot;:&quot;scroll&quot;,&quot;jet_parallax_layout_direction&quot;:&quot;1&quot;,&quot;jet_parallax_layout_fx_direction&quot;:null,&quot;jet_parallax_layout_z_index&quot;:&quot;&quot;,&quot;jet_parallax_layout_bg_x&quot;:50,&quot;jet_parallax_layout_bg_x_tablet&quot;:&quot;&quot;,&quot;jet_parallax_layout_bg_x_mobile&quot;:&quot;&quot;,&quot;jet_parallax_layout_bg_y&quot;:50,&quot;jet_parallax_layout_bg_y_tablet&quot;:&quot;&quot;,&quot;jet_parallax_layout_bg_y_mobile&quot;:&quot;&quot;,&quot;jet_parallax_layout_bg_size&quot;:&quot;auto&quot;,&quot;jet_parallax_layout_bg_size_tablet&quot;:&quot;&quot;,&quot;jet_parallax_layout_bg_size_mobile&quot;:&quot;&quot;,&quot;jet_parallax_layout_animation_prop&quot;:&quot;transform&quot;,&quot;jet_parallax_layout_on&quot;:[&quot;desktop&quot;,&quot;tablet&quot;]}]}\">\n\t\t\t\t\t\t<div class=\"elementor-container elementor-column-gap-default\">\n\t\t\t\t\t<div class=\"elementor-column elementor-col-100 elementor-top-column elementor-element elementor-element-7995c19\" data-id=\"7995c19\" data-element_type=\"column\" data-e-type=\"column\">\n\t\t\t<div class=\"elementor-widget-wrap elementor-element-populated\">\n\t\t\t\t\t\t<div class=\"elementor-element elementor-element-a437045 elementor-widget elementor-widget-image-box\" data-id=\"a437045\" data-element_type=\"widget\" data-e-type=\"widget\" data-widget_type=\"image-box.default\">\n\t\t\t\t<div class=\"elementor-widget-container\">\n\t\t\t\t\t<div class=\"elementor-image-box-wrapper\"><div class=\"elementor-image-box-content\"><h3 class=\"elementor-image-box-title\">About Version 2 Digital<\/h3><p class=\"elementor-image-box-description\">Version 2 Digital is one of the most dynamic IT companies in Asia. The company distributes a wide range of IT products across various areas including cyber security, cloud, data protection, end points, infrastructures, system monitoring, storage, networking, business productivity and communication products.\n<br><br>\nThrough an extensive network of channels, point of sales, resellers, and partnership companies, Version 2 offers quality products and services which are highly acclaimed in the market. Its customers cover a wide spectrum which include Global 1000 enterprises, regional listed companies, different vertical industries, public utilities, Government, a vast number of successful SMEs, and consumers in various Asian cities.<\/p><\/div><\/div>\t\t\t\t<\/div>\n\t\t\t\t<\/div>\n\t\t\t\t\t<\/div>\n\t\t<\/div>\n\t\t\t\t\t<\/div>\n\t\t<\/section>\n\t\t\t\t<\/div>\n\t\t\t\t<div data-elementor-type=\"page\" data-elementor-id=\"18179\" class=\"elementor elementor-18179\">\n\t\t\t\t\t\t<section class=\"elementor-section elementor-top-section elementor-element elementor-element-748947f elementor-section-full_width elementor-section-height-default elementor-section-height-default\" data-id=\"748947f\" data-element_type=\"section\" data-e-type=\"section\" data-settings=\"{&quot;jet_parallax_layout_list&quot;:[{&quot;jet_parallax_layout_image&quot;:{&quot;url&quot;:&quot;&quot;,&quot;id&quot;:&quot;&quot;,&quot;size&quot;:&quot;&quot;},&quot;_id&quot;:&quot;c4f773e&quot;,&quot;jet_parallax_layout_image_tablet&quot;:{&quot;url&quot;:&quot;&quot;,&quot;id&quot;:&quot;&quot;,&quot;size&quot;:&quot;&quot;},&quot;jet_parallax_layout_image_mobile&quot;:{&quot;url&quot;:&quot;&quot;,&quot;id&quot;:&quot;&quot;,&quot;size&quot;:&quot;&quot;},&quot;jet_parallax_layout_speed&quot;:{&quot;unit&quot;:&quot;%&quot;,&quot;size&quot;:50,&quot;sizes&quot;:[]},&quot;jet_parallax_layout_type&quot;:&quot;scroll&quot;,&quot;jet_parallax_layout_direction&quot;:&quot;1&quot;,&quot;jet_parallax_layout_fx_direction&quot;:null,&quot;jet_parallax_layout_z_index&quot;:&quot;&quot;,&quot;jet_parallax_layout_bg_x&quot;:50,&quot;jet_parallax_layout_bg_y&quot;:50,&quot;jet_parallax_layout_bg_size&quot;:&quot;auto&quot;,&quot;jet_parallax_layout_animation_prop&quot;:&quot;transform&quot;,&quot;jet_parallax_layout_on&quot;:[&quot;desktop&quot;,&quot;tablet&quot;],&quot;jet_parallax_layout_bg_x_tablet&quot;:&quot;&quot;,&quot;jet_parallax_layout_bg_x_mobile&quot;:&quot;&quot;,&quot;jet_parallax_layout_bg_y_tablet&quot;:&quot;&quot;,&quot;jet_parallax_layout_bg_y_mobile&quot;:&quot;&quot;,&quot;jet_parallax_layout_bg_size_tablet&quot;:&quot;&quot;,&quot;jet_parallax_layout_bg_size_mobile&quot;:&quot;&quot;}]}\">\n\t\t\t\t\t\t<div class=\"elementor-container elementor-column-gap-default\">\n\t\t\t\t\t<div class=\"elementor-column elementor-col-100 elementor-top-column elementor-element elementor-element-7995c19\" data-id=\"7995c19\" data-element_type=\"column\" data-e-type=\"column\">\n\t\t\t<div class=\"elementor-widget-wrap elementor-element-populated\">\n\t\t\t\t\t\t<div class=\"elementor-element elementor-element-ff2a228 elementor-widget elementor-widget-text-editor\" data-id=\"ff2a228\" data-element_type=\"widget\" data-e-type=\"widget\" data-widget_type=\"text-editor.default\">\n\t\t\t\t<div class=\"elementor-widget-container\">\n\t\t\t\t\t\t\t\t\t<p><\/p>\n<p class=\"wp-block-paragraph\"><strong>About GREYCORTEX<br \/><\/strong>GREYCORTEX uses advanced artificial intelligence, machine learning, and data mining methods to help organizations make their IT operations secure and reliable.<\/p>\n<p>MENDEL, GREYCORTEX\u2019s network traffic analysis solution, helps corporations, governments, and the critical infrastructure sector protect their futures by detecting cyber threats to sensitive data, networks, trade secrets, and reputations, which other network security products miss.<\/p>\n<p>MENDEL is based on 10 years of extensive academic research and is designed using the same technology which was successful in four US-based NIST Challenges.<\/p>\t\t\t\t\t\t\t\t<\/div>\n\t\t\t\t<\/div>\n\t\t\t\t\t<\/div>\n\t\t<\/div>\n\t\t\t\t\t<\/div>\n\t\t<\/section>\n\t\t\t\t<\/div>\n\t\t<\/div>\n\t\t\t\t\t\t<\/div>\n\t\t\t\t<\/div>\n\t\t\t\t\t<\/div>\n\t\t<\/div>\n\t\t\t\t\t<\/div>\n\t\t<\/section>\n\t\t\t\t<\/div>\n\t\t","protected":false},"excerpt":{"rendered":"<p>January 10, 2024, Brno \u2013 GREYCORTEX, a\u00a0leading Czech ma [&hellip;]<\/p>\n","protected":false},"author":149011790,"featured_media":0,"comment_status":"closed","ping_status":"closed","sticky":false,"template":"","format":"standard","meta":{"_acf_changed":false,"_jetpack_newsletter_access":"","_jetpack_dont_email_post_to_subs":false,"_jetpack_newsletter_tier_id":0,"_jetpack_memberships_contains_paywalled_content":false,"_wpcom_ai_launchpad_first_post":false,"_jetpack_feature_clip_id":0,"_jetpack_memberships_contains_paid_content":false,"footnotes":"","jetpack_post_was_ever_published":false},"categories":[1273,24,61],"tags":[23,435,1272],"class_list":["post-74973","post","type-post","status-publish","format-standard","hentry","category-1273","category-greycortex","category-press-release","tag-greycortex","tag-mendel","tag-1272"],"acf":[],"yoast_head":"<!-- This site is optimized with the Yoast SEO plugin v28.3 - https:\/\/yoast.com\/product\/yoast-seo-wordpress\/ -->\n<title>Richard \u0160tef\u00ed\u010dek Is the New Chief Sales Officer of GREYCORTEX - Version 2<\/title>\n<meta name=\"robots\" content=\"index, follow, max-snippet:-1, max-image-preview:large, max-video-preview:-1\" \/>\n<link rel=\"canonical\" href=\"https:\/\/www.greycortex.com\/blog\/richard-steficek-new-chief-sales-officer-greycortex\" \/>\n<meta property=\"og:locale\" content=\"en_US\" \/>\n<meta property=\"og:type\" content=\"article\" \/>\n<meta property=\"og:title\" content=\"Richard \u0160tef\u00ed\u010dek Is the New Chief Sales Officer of GREYCORTEX - Version 2\" \/>\n<meta property=\"og:description\" content=\"January 10, 2024, Brno \u2013 GREYCORTEX, a\u00a0leading Czech ma [&hellip;]\" \/>\n<meta property=\"og:url\" content=\"https:\/\/www.greycortex.com\/blog\/richard-steficek-new-chief-sales-officer-greycortex\" \/>\n<meta property=\"og:site_name\" content=\"Version 2\" \/>\n<meta property=\"article:published_time\" content=\"2024-01-18T07:31:36+00:00\" \/>\n<meta property=\"og:image\" content=\"https:\/\/version-2.com\/wp-content\/uploads\/2020\/04\/blog-v2-logo.jpg\" \/>\n\t<meta property=\"og:image:width\" content=\"250\" \/>\n\t<meta property=\"og:image:height\" content=\"70\" \/>\n\t<meta property=\"og:image:type\" content=\"image\/jpeg\" \/>\n<meta name=\"author\" content=\"tracylamv2\" \/>\n<meta name=\"twitter:card\" content=\"summary_large_image\" \/>\n<meta name=\"twitter:label1\" content=\"Written by\" \/>\n\t<meta name=\"twitter:data1\" content=\"tracylamv2\" \/>\n\t<meta name=\"twitter:label2\" content=\"Est. reading time\" \/>\n\t<meta name=\"twitter:data2\" content=\"2 minutes\" \/>\n<script type=\"application\/ld+json\" class=\"yoast-schema-graph\">{\"@context\":\"https:\\\/\\\/schema.org\",\"@graph\":[{\"@type\":\"Article\",\"@id\":\"https:\\\/\\\/www.greycortex.com\\\/blog\\\/richard-steficek-new-chief-sales-officer-greycortex#article\",\"isPartOf\":{\"@id\":\"https:\\\/\\\/version-2.com\\\/2024\\\/01\\\/richard-steficek-is-the-new-chief-sales-officer-of-greycortex\\\/\"},\"author\":{\"name\":\"tracylamv2\",\"@id\":\"https:\\\/\\\/version-2.com\\\/zh\\\/#\\\/schema\\\/person\\\/011bc7c3731c930bcfeecd52fefb6365\"},\"headline\":\"Richard \u0160tef\u00ed\u010dek Is the New Chief Sales Officer of GREYCORTEX\",\"datePublished\":\"2024-01-18T07:31:36+00:00\",\"mainEntityOfPage\":{\"@id\":\"https:\\\/\\\/version-2.com\\\/2024\\\/01\\\/richard-steficek-is-the-new-chief-sales-officer-of-greycortex\\\/\"},\"wordCount\":254,\"publisher\":{\"@id\":\"https:\\\/\\\/version-2.com\\\/zh\\\/#organization\"},\"keywords\":[\"Greycortex\",\"MENDEL\",\"2024\"],\"articleSection\":[\"2024\",\"Greycortex\",\"Press Release\"],\"inLanguage\":\"en-US\"},{\"@type\":\"WebPage\",\"@id\":\"https:\\\/\\\/version-2.com\\\/2024\\\/01\\\/richard-steficek-is-the-new-chief-sales-officer-of-greycortex\\\/\",\"url\":\"https:\\\/\\\/www.greycortex.com\\\/blog\\\/richard-steficek-new-chief-sales-officer-greycortex\",\"name\":\"Richard \u0160tef\u00ed\u010dek Is the New Chief Sales Officer of GREYCORTEX - Version 2\",\"isPartOf\":{\"@id\":\"https:\\\/\\\/version-2.com\\\/zh\\\/#website\"},\"datePublished\":\"2024-01-18T07:31:36+00:00\",\"breadcrumb\":{\"@id\":\"https:\\\/\\\/www.greycortex.com\\\/blog\\\/richard-steficek-new-chief-sales-officer-greycortex#breadcrumb\"},\"inLanguage\":\"en-US\",\"potentialAction\":[{\"@type\":\"ReadAction\",\"target\":[\"https:\\\/\\\/www.greycortex.com\\\/blog\\\/richard-steficek-new-chief-sales-officer-greycortex\"]}]},{\"@type\":\"BreadcrumbList\",\"@id\":\"https:\\\/\\\/www.greycortex.com\\\/blog\\\/richard-steficek-new-chief-sales-officer-greycortex#breadcrumb\",\"itemListElement\":[{\"@type\":\"ListItem\",\"position\":1,\"name\":\"\u9996\u9801\",\"item\":\"https:\\\/\\\/version-2.com\\\/\"},{\"@type\":\"ListItem\",\"position\":2,\"name\":\"Richard \u0160tef\u00ed\u010dek Is the New Chief Sales Officer of GREYCORTEX\"}]},{\"@type\":\"WebSite\",\"@id\":\"https:\\\/\\\/version-2.com\\\/zh\\\/#website\",\"url\":\"https:\\\/\\\/version-2.com\\\/zh\\\/\",\"name\":\"Version 2\",\"description\":\"\",\"publisher\":{\"@id\":\"https:\\\/\\\/version-2.com\\\/zh\\\/#organization\"},\"potentialAction\":[{\"@type\":\"SearchAction\",\"target\":{\"@type\":\"EntryPoint\",\"urlTemplate\":\"https:\\\/\\\/version-2.com\\\/zh\\\/?s={search_term_string}\"},\"query-input\":{\"@type\":\"PropertyValueSpecification\",\"valueRequired\":true,\"valueName\":\"search_term_string\"}}],\"inLanguage\":\"en-US\"},{\"@type\":\"Organization\",\"@id\":\"https:\\\/\\\/version-2.com\\\/zh\\\/#organization\",\"name\":\"Version 2\",\"url\":\"https:\\\/\\\/version-2.com\\\/zh\\\/\",\"logo\":{\"@type\":\"ImageObject\",\"inLanguage\":\"en-US\",\"@id\":\"https:\\\/\\\/version-2.com\\\/zh\\\/#\\\/schema\\\/logo\\\/image\\\/\",\"url\":\"https:\\\/\\\/i0.wp.com\\\/version-2.com\\\/wp-content\\\/uploads\\\/2020\\\/08\\\/v2-hk-hor-4.png?fit=1795%2C335&ssl=1\",\"contentUrl\":\"https:\\\/\\\/i0.wp.com\\\/version-2.com\\\/wp-content\\\/uploads\\\/2020\\\/08\\\/v2-hk-hor-4.png?fit=1795%2C335&ssl=1\",\"width\":1795,\"height\":335,\"caption\":\"Version 2\"},\"image\":{\"@id\":\"https:\\\/\\\/version-2.com\\\/zh\\\/#\\\/schema\\\/logo\\\/image\\\/\"}},{\"@type\":\"Person\",\"@id\":\"https:\\\/\\\/version-2.com\\\/zh\\\/#\\\/schema\\\/person\\\/011bc7c3731c930bcfeecd52fefb6365\",\"name\":\"tracylamv2\",\"image\":{\"@type\":\"ImageObject\",\"inLanguage\":\"en-US\",\"@id\":\"https:\\\/\\\/secure.gravatar.com\\\/avatar\\\/9d01d79cbfd8b2e878f5d701a362cc9fca466d33fec977b59706c23c1a2db15c?s=96&d=identicon&r=g\",\"url\":\"https:\\\/\\\/secure.gravatar.com\\\/avatar\\\/9d01d79cbfd8b2e878f5d701a362cc9fca466d33fec977b59706c23c1a2db15c?s=96&d=identicon&r=g\",\"contentUrl\":\"https:\\\/\\\/secure.gravatar.com\\\/avatar\\\/9d01d79cbfd8b2e878f5d701a362cc9fca466d33fec977b59706c23c1a2db15c?s=96&d=identicon&r=g\",\"caption\":\"tracylamv2\"},\"url\":\"https:\\\/\\\/version-2.com\\\/en\\\/author\\\/tracylamv2\\\/\"}]}<\/script>\n<!-- \/ Yoast SEO plugin. -->","yoast_head_json":{"title":"Richard \u0160tef\u00ed\u010dek Is the New Chief Sales Officer of GREYCORTEX - Version 2","robots":{"index":"index","follow":"follow","max-snippet":"max-snippet:-1","max-image-preview":"max-image-preview:large","max-video-preview":"max-video-preview:-1"},"canonical":"https:\/\/www.greycortex.com\/blog\/richard-steficek-new-chief-sales-officer-greycortex","og_locale":"en_US","og_type":"article","og_title":"Richard \u0160tef\u00ed\u010dek Is the New Chief Sales Officer of GREYCORTEX - Version 2","og_description":"January 10, 2024, Brno \u2013 GREYCORTEX, a\u00a0leading Czech ma [&hellip;]","og_url":"https:\/\/www.greycortex.com\/blog\/richard-steficek-new-chief-sales-officer-greycortex","og_site_name":"Version 2","article_published_time":"2024-01-18T07:31:36+00:00","og_image":[{"width":250,"height":70,"url":"https:\/\/version-2.com\/wp-content\/uploads\/2020\/04\/blog-v2-logo.jpg","type":"image\/jpeg"}],"author":"tracylamv2","twitter_card":"summary_large_image","twitter_misc":{"Written by":"tracylamv2","Est. reading time":"2 minutes"},"schema":{"@context":"https:\/\/schema.org","@graph":[{"@type":"Article","@id":"https:\/\/www.greycortex.com\/blog\/richard-steficek-new-chief-sales-officer-greycortex#article","isPartOf":{"@id":"https:\/\/version-2.com\/2024\/01\/richard-steficek-is-the-new-chief-sales-officer-of-greycortex\/"},"author":{"name":"tracylamv2","@id":"https:\/\/version-2.com\/zh\/#\/schema\/person\/011bc7c3731c930bcfeecd52fefb6365"},"headline":"Richard \u0160tef\u00ed\u010dek Is the New Chief Sales Officer of GREYCORTEX","datePublished":"2024-01-18T07:31:36+00:00","mainEntityOfPage":{"@id":"https:\/\/version-2.com\/2024\/01\/richard-steficek-is-the-new-chief-sales-officer-of-greycortex\/"},"wordCount":254,"publisher":{"@id":"https:\/\/version-2.com\/zh\/#organization"},"keywords":["Greycortex","MENDEL","2024"],"articleSection":["2024","Greycortex","Press Release"],"inLanguage":"en-US"},{"@type":"WebPage","@id":"https:\/\/version-2.com\/2024\/01\/richard-steficek-is-the-new-chief-sales-officer-of-greycortex\/","url":"https:\/\/www.greycortex.com\/blog\/richard-steficek-new-chief-sales-officer-greycortex","name":"Richard \u0160tef\u00ed\u010dek Is the New Chief Sales Officer of GREYCORTEX - Version 2","isPartOf":{"@id":"https:\/\/version-2.com\/zh\/#website"},"datePublished":"2024-01-18T07:31:36+00:00","breadcrumb":{"@id":"https:\/\/www.greycortex.com\/blog\/richard-steficek-new-chief-sales-officer-greycortex#breadcrumb"},"inLanguage":"en-US","potentialAction":[{"@type":"ReadAction","target":["https:\/\/www.greycortex.com\/blog\/richard-steficek-new-chief-sales-officer-greycortex"]}]},{"@type":"BreadcrumbList","@id":"https:\/\/www.greycortex.com\/blog\/richard-steficek-new-chief-sales-officer-greycortex#breadcrumb","itemListElement":[{"@type":"ListItem","position":1,"name":"\u9996\u9801","item":"https:\/\/version-2.com\/"},{"@type":"ListItem","position":2,"name":"Richard \u0160tef\u00ed\u010dek Is the New Chief Sales Officer of GREYCORTEX"}]},{"@type":"WebSite","@id":"https:\/\/version-2.com\/zh\/#website","url":"https:\/\/version-2.com\/zh\/","name":"Version 2","description":"","publisher":{"@id":"https:\/\/version-2.com\/zh\/#organization"},"potentialAction":[{"@type":"SearchAction","target":{"@type":"EntryPoint","urlTemplate":"https:\/\/version-2.com\/zh\/?s={search_term_string}"},"query-input":{"@type":"PropertyValueSpecification","valueRequired":true,"valueName":"search_term_string"}}],"inLanguage":"en-US"},{"@type":"Organization","@id":"https:\/\/version-2.com\/zh\/#organization","name":"Version 2","url":"https:\/\/version-2.com\/zh\/","logo":{"@type":"ImageObject","inLanguage":"en-US","@id":"https:\/\/version-2.com\/zh\/#\/schema\/logo\/image\/","url":"https:\/\/i0.wp.com\/version-2.com\/wp-content\/uploads\/2020\/08\/v2-hk-hor-4.png?fit=1795%2C335&ssl=1","contentUrl":"https:\/\/i0.wp.com\/version-2.com\/wp-content\/uploads\/2020\/08\/v2-hk-hor-4.png?fit=1795%2C335&ssl=1","width":1795,"height":335,"caption":"Version 2"},"image":{"@id":"https:\/\/version-2.com\/zh\/#\/schema\/logo\/image\/"}},{"@type":"Person","@id":"https:\/\/version-2.com\/zh\/#\/schema\/person\/011bc7c3731c930bcfeecd52fefb6365","name":"tracylamv2","image":{"@type":"ImageObject","inLanguage":"en-US","@id":"https:\/\/secure.gravatar.com\/avatar\/9d01d79cbfd8b2e878f5d701a362cc9fca466d33fec977b59706c23c1a2db15c?s=96&d=identicon&r=g","url":"https:\/\/secure.gravatar.com\/avatar\/9d01d79cbfd8b2e878f5d701a362cc9fca466d33fec977b59706c23c1a2db15c?s=96&d=identicon&r=g","contentUrl":"https:\/\/secure.gravatar.com\/avatar\/9d01d79cbfd8b2e878f5d701a362cc9fca466d33fec977b59706c23c1a2db15c?s=96&d=identicon&r=g","caption":"tracylamv2"},"url":"https:\/\/version-2.com\/en\/author\/tracylamv2\/"}]}},"jetpack_sharing_enabled":true,"jetpack_shortlink":"https:\/\/wp.me\/pbQRKm-jvf","jetpack_featured_media_url":"","post_mailing_queue_ids":[],"_links":{"self":[{"href":"https:\/\/version-2.com\/en\/wp-json\/wp\/v2\/posts\/74973","targetHints":{"allow":["GET"]}}],"collection":[{"href":"https:\/\/version-2.com\/en\/wp-json\/wp\/v2\/posts"}],"about":[{"href":"https:\/\/version-2.com\/en\/wp-json\/wp\/v2\/types\/post"}],"author":[{"embeddable":true,"href":"https:\/\/version-2.com\/en\/wp-json\/wp\/v2\/users\/149011790"}],"replies":[{"embeddable":true,"href":"https:\/\/version-2.com\/en\/wp-json\/wp\/v2\/comments?post=74973"}],"version-history":[{"count":7,"href":"https:\/\/version-2.com\/en\/wp-json\/wp\/v2\/posts\/74973\/revisions"}],"predecessor-version":[{"id":74980,"href":"https:\/\/version-2.com\/en\/wp-json\/wp\/v2\/posts\/74973\/revisions\/74980"}],"wp:attachment":[{"href":"https:\/\/version-2.com\/en\/wp-json\/wp\/v2\/media?parent=74973"}],"wp:term":[{"taxonomy":"category","embeddable":true,"href":"https:\/\/version-2.com\/en\/wp-json\/wp\/v2\/categories?post=74973"},{"taxonomy":"post_tag","embeddable":true,"href":"https:\/\/version-2.com\/en\/wp-json\/wp\/v2\/tags?post=74973"}],"curies":[{"name":"wp","href":"https:\/\/api.w.org\/{rel}","templated":true}]}}